{"id":51046,"date":"2026-09-04T09:32:20","date_gmt":"2026-09-04T09:32:20","guid":{"rendered":"https:\/\/movimentoliberoeautonomo.it\/?p=51046"},"modified":"2026-09-04T09:32:20","modified_gmt":"2026-09-04T09:32:20","slug":"assistente-infermiere-formazione-al-palo-il-movimento-regione-ferma-da-13-mesi-su-standard-formativo-si-intervenga-presto","status":"publish","type":"post","link":"https:\/\/movimentoliberoeautonomo.it\/en\/assistente-infermiere-formazione-al-palo-il-movimento-regione-ferma-da-13-mesi-su-standard-formativo-si-intervenga-presto\/","title":{"rendered":"Assistente infermiere, formazione al palo. Il Movimento: \u00abRegione ferma da 13 mesi su standard formativo, si intervenga presto\u00bb"},"content":{"rendered":"<p>Il Movimento Libero e Autonomo delle Scuole di Formazione Autofinanziate chiede alla Regione Campania di adottare entro trenta giorni il provvedimento attuativo della DGR n. 543 del 6 agosto 2025, approvando lo standard professionale e formativo di dettaglio del profilo di Assistente Infermiere, inserendo la qualificazione nel Repertorio Regionale dei Titoli e delle Qualificazioni e abilitando la generazione del Codice Unico Percorso sulla piattaforma SILF Monitoraggio. Chiede inoltre la convocazione di un tavolo tecnico con le agenzie formative accreditate.<\/p>\n<p>\u00abNon stiamo chiedendo un favore, stiamo chiedendo che venga completato un atto che la Regione ha deliberato da sola tredici mesi fa\u00bb, dichiara il Segretario Politico Nicola Troisi. \u00abLa Giunta ha recepito l&#8217;Accordo Stato-Regioni ad agosto 2025 e poi si \u00e8 fermata. Il profilo \u00e8 entrato nel contratto nazionale della sanit\u00e0, le aziende lo cercano, i cittadini lo chiedono, e in Campania semplicemente non esiste. Non esiste perch\u00e9 manca una firma\u00bb.<\/p>\n<p>\u00abC&#8217;\u00e8 un vuoto regolamentare su una delle poche qualificazioni con una domanda occupazionale reale e immediata\u00bb, prosegue Troisi. \u00abSi parla ogni giorno di disallineamento tra formazione e mercato del lavoro, e quando il mercato indica con precisione di cosa ha bisogno l&#8217;amministrazione impiega pi\u00f9 di un anno per non produrre l&#8217;atto che serve. Il danno lo subiscono i disoccupati campani che potrebbero qualificarsi e non possono\u00bb.<\/p>\n<p>Con la sentenza n. 14262\/2026 il TAR Lazio ha dichiarato inammissibile il ricorso proposto contro il DPCM 28 febbraio 2025, di recepimento dell&#8217;Accordo Stato-Regioni 3 ottobre 2024 n. 176\/CSR istitutivo del profilo. Il quadro nazionale risulta cos\u00ec consolidato, anche sul piano contrattuale, essendo l&#8217;Assistente Infermiere inserito nell&#8217;Area assistenti dei profili del ruolo socio-sanitario dal CCNL del Comparto Sanit\u00e0 2022-2024. In Campania l&#8217;Accordo \u00e8 stato recepito con la DGR n. 543\/2025, che ha autorizzato le agenzie formative accreditate ai sensi della DGR n. 136\/2022 a erogare i relativi percorsi. Con avviso pubblicato sul portale SILF la stessa Amministrazione regionale ha dato atto che alla delibera \u00abnon \u00e8 seguito alcun successivo provvedimento attuativo\u00bb e che solo dopo tale atto sar\u00e0 possibile attivare il percorso formativo, precisando che nelle more ogni indicazione in merito pu\u00f2 risultare \u00abfuorviante e potenzialmente ingannevole\u00bb. Dal 23 luglio 2025 i precedenti profili di OSS e OSSS risultano oscurati nel RRTQ.<\/p>\n<p>\u00abManca solo la Campania\u00bb, conclude Troisi. \u00abRestiamo a disposizione dell&#8217;Assessorato per ogni contributo tecnico utile ad accelerare l&#8217;adozione dell&#8217;atto. Ma se entro trenta giorni non arriva nulla, valuteremo ogni iniziativa a tutela delle agenzie accreditate e dei cittadini in attesa\u00bb.<\/p>\n\n    <div class=\"xs_social_share_widget xs_share_url after_content \t\tmain_content  wslu-style-1 wslu-share-box-shaped wslu-fill-colored wslu-none wslu-share-horizontal wslu-theme-font-no wslu-main_content\">\n\n\t\t\n        <ul>\n\t\t\t        <\/ul>\n    <\/div>","protected":false},"excerpt":{"rendered":"<p>Il Movimento Libero e Autonomo delle Scuole di Formazione Autofinanziate chiede alla Regione Campania di adottare entro trenta giorni il provvedimento attuativo della DGR n. 543 del 6 agosto 2025,&#8230;<\/p>","protected":false},"author":1,"featured_media":50841,"comment_status":"open","ping_status":"open","sticky":false,"template":"","format":"standard","meta":{"_acf_changed":false,"postBodyCss":"","postBodyMargin":[],"postBodyPadding":[],"postBodyBackground":{"backgroundType":"classic","gradient":""},"footnotes":""},"categories":[90],"tags":[158,124,159,93,160],"class_list":["post-51046","post","type-post","status-publish","format-standard","has-post-thumbnail","hentry","category-comunicati-stampa","tag-assistente-infermiere","tag-nicola-troisi","tag-professioni-sanitarie","tag-regione-campania","tag-tar-lazio"],"acf":[],"_links":{"self":[{"href":"https:\/\/movimentoliberoeautonomo.it\/en\/wp-json\/wp\/v2\/posts\/51046","targetHints":{"allow":["GET"]}}],"collection":[{"href":"https:\/\/movimentoliberoeautonomo.it\/en\/wp-json\/wp\/v2\/posts"}],"about":[{"href":"https:\/\/movimentoliberoeautonomo.it\/en\/wp-json\/wp\/v2\/types\/post"}],"author":[{"embeddable":true,"href":"https:\/\/movimentoliberoeautonomo.it\/en\/wp-json\/wp\/v2\/users\/1"}],"replies":[{"embeddable":true,"href":"https:\/\/movimentoliberoeautonomo.it\/en\/wp-json\/wp\/v2\/comments?post=51046"}],"version-history":[{"count":1,"href":"https:\/\/movimentoliberoeautonomo.it\/en\/wp-json\/wp\/v2\/posts\/51046\/revisions"}],"predecessor-version":[{"id":51047,"href":"https:\/\/movimentoliberoeautonomo.it\/en\/wp-json\/wp\/v2\/posts\/51046\/revisions\/51047"}],"wp:featuredmedia":[{"embeddable":true,"href":"https:\/\/movimentoliberoeautonomo.it\/en\/wp-json\/wp\/v2\/media\/50841"}],"wp:attachment":[{"href":"https:\/\/movimentoliberoeautonomo.it\/en\/wp-json\/wp\/v2\/media?parent=51046"}],"wp:term":[{"taxonomy":"category","embeddable":true,"href":"https:\/\/movimentoliberoeautonomo.it\/en\/wp-json\/wp\/v2\/categories?post=51046"},{"taxonomy":"post_tag","embeddable":true,"href":"https:\/\/movimentoliberoeautonomo.it\/en\/wp-json\/wp\/v2\/tags?post=51046"}],"curies":[{"name":"wp","href":"https:\/\/api.w.org\/{rel}","templated":true}]}}