{"id":51042,"date":"2026-09-02T09:21:42","date_gmt":"2026-09-02T09:21:42","guid":{"rendered":"https:\/\/movimentoliberoeautonomo.it\/?p=51042"},"modified":"2026-09-02T09:21:42","modified_gmt":"2026-09-02T09:21:42","slug":"americas-cup-il-movimento-libero-attacca-aspettavamo-opportunita-di-formare-e-impiegare-i-nostri-ragazzi-ci-troviamo-con-unimbarazzante-richiesta-di-volontariato","status":"publish","type":"post","link":"https:\/\/movimentoliberoeautonomo.it\/en\/americas-cup-il-movimento-libero-attacca-aspettavamo-opportunita-di-formare-e-impiegare-i-nostri-ragazzi-ci-troviamo-con-unimbarazzante-richiesta-di-volontariato\/","title":{"rendered":"America&#8217;s Cup, il Movimento Libero attacca: \u00abAspettavamo opportunit\u00e0 di formare e impiegare i nostri ragazzi, ci troviamo con un&#8217;imbarazzante richiesta di volontariato\u00bb"},"content":{"rendered":"<p>\u00abAspettavamo opportunit\u00e0 di formare e impiegare i nostri ragazzi, ci troviamo con un&#8217;imbarazzante richiesta di volontariato. Questo evento, quindi, a chi arricchisce davvero?\u00bb. \u00c8 la posizione di Nicola Troisi, segretario del Movimento Libero e Autonomo delle Scuole di Formazione Autofinanziate, sul programma volontari della Louis Vuitton 38\u00aa America&#8217;s Cup, la cui regata preliminare si terr\u00e0 a Napoli dal 24 al 27 settembre, attualmente al centro delle polemiche.<\/p>\n<p>Il Movimento richiama le proprie osservazioni del 10 febbraio scorso, quando in occasione dell&#8217;annuncio del Patto territoriale per Bagnoli aveva chiesto pubblicamente chiarimenti sulla formazione professionale annunciata dal sindaco di Napoli e commissario per Bagnoli, Gaetano Manfredi. Le quattro domande allora poste \u2014 di quale formazione si parlasse, chi l&#8217;avrebbe gestita, come sarebbe stata finanziata e se sarebbe stata vincolata al territorio \u2014 non hanno ricevuto risposta, cos\u00ec come non hanno ricevuto riscontro le PEC con cui il Movimento ha chiesto a pi\u00f9 amministrazioni locali, inclusa quella partenopea e due distinte municipalit\u00e0, la partecipazione ai tavoli di concertazione su formazione, lavoro e occupazione.<\/p>\n<p>Nel presentare l&#8217;assegnazione dell&#8217;evento a Napoli, lo stesso Manfredi aveva indicato tra le ricadute attese la formazione di nuove competenze, accanto al turismo, all&#8217;economia del mare e all&#8217;imprenditoria locale, con Bagnoli destinata a ospitare le basi dei team sfidanti.<\/p>\n<p>\u00abA febbraio abbiamo chiesto al sindaco di quale formazione stesse parlando, e non abbiamo avuto risposta\u00bb dichiara Troisi. \u00abOggi una risposta \u00e8 arrivata, ma non per iscritto: \u00e8 arrivata sotto forma di un programma che chiede alle persone dieci giorni consecutivi di attivit\u00e0 a titolo gratuito, pagandosi viaggio e alloggio. Le nuove competenze annunciate a Bagnoli, evidentemente, non passano per le scuole di formazione professionale campane: non siamo mai stati convocati, mai interpellati, mai considerati\u00bb.<\/p>\n<p>\u00abOk, il programma volontari \u00e8 di una societ\u00e0 privata. Ma apprendiamo dalla stampa che sarebbero circa dieci i milioni di euro pubblici stanziati dalla Citt\u00e0 Metropolitana guidata da Gaetano Manfredi per accompagnare questo evento, e in quel programma dove sono citate formazione professionale e occupazione? Chi impegna risorse pubbliche su un evento privato ha il dovere di verificare quale ricaduta occupazionale produce. Se la ricaduta per i nostri ragazzi sono dieci giorni consecutivi di attivit\u00e0 gratuita pagandosi viaggio e alloggio, allora la domanda va posta con chiarezza: questo evento a chi arricchisce davvero?\u00bb.<\/p>\n<p>Sul valore atteso della manifestazione esiste una stima ufficiale: lo studio dell&#8217;Ufficio di Statistica del Ministero del Turismo realizzato con Luiss Business School prevede un impatto economico di circa 690 milioni di euro nel breve periodo e oltre 1,2 miliardi nel lungo, con 1,5-1,7 milioni di visitatori e una spesa turistica diretta stimata in 370 milioni. Lo stesso studio quantifica in circa 11.000 i posti di lavoro complessivamente generati, di cui 1.000 &#8211; 2.000 permanenti nei settori del turismo, della nautica e dei servizi.<\/p>\n<p>\u00abUndicimila posti di lavoro previsti da uno studio del Ministero, e il primo atto operativo rivolto ai cittadini \u00e8 una chiamata a prestare la propria opera gratuitamente\u00bb osserva Troisi. \u00abNon contestiamo il volontariato, che \u00e8 una cosa seria e che rispettiamo. Contestiamo che a un comparto di oltre quattrocento imprese della formazione, con migliaia di lavoratori, non sia stato offerto nemmeno un tavolo per costruire quei posti di lavoro\u00bb.<\/p>\n<p>Sul Programma Volontari la Federazione Italiana Sindacati Intercategoriali ha depositato nei giorni scorsi, tramite lo Studio Legale Cascone, un esposto all&#8217;Ispettorato d&#8217;Area Metropolitana del Lavoro di Napoli, chiedendo di verificare se dietro la qualificazione formale di volontariato non si celino prestazioni aventi le caratteristiche proprie di un rapporto di lavoro. Il Movimento, dalla sua, chiede la convocazione urgente di un tavolo tra il Comune di Napoli, la Citt\u00e0 Metropolitana, la Regione Campania, la struttura organizzativa dell&#8217;evento e le rappresentanze datoriali della formazione professionale, finalizzato a definire percorsi di qualificazione realmente spendibili nelle filiere attivate dalla manifestazione \u2014 accoglienza, ospitalit\u00e0, economia del mare, servizi ai visitatori \u2014 e a garantire che alle competenze formate corrispondano rapporti di lavoro regolari.<\/p>\n<p>\u00abRestiamo a disposizione, come sempre\u00bb conclude Troisi. \u00abNapoli ha davanti una vetrina mondiale e noi siamo i primi a volerla vincere. Ma una vetrina si costruisce con il lavoro qualificato, non con il lavoro gratuito. Siamo pronti a sederci a un tavolo domani mattina: quello che non siamo pi\u00f9 disposti a fare \u00e8 leggere sui giornali le promesse sulla formazione e scoprire, mesi dopo, che riguardavano tutti tranne chi la formazione la fa\u00bb.<\/p>\n\n    <div class=\"xs_social_share_widget xs_share_url after_content \t\tmain_content  wslu-style-1 wslu-share-box-shaped wslu-fill-colored wslu-none wslu-share-horizontal wslu-theme-font-no wslu-main_content\">\n\n\t\t\n        <ul>\n\t\t\t        <\/ul>\n    <\/div>","protected":false},"excerpt":{"rendered":"<p>\u00abAspettavamo opportunit\u00e0 di formare e impiegare i nostri ragazzi, ci troviamo con un&#8217;imbarazzante richiesta di volontariato. Questo evento, quindi, a chi arricchisce davvero?\u00bb. \u00c8 la posizione di Nicola Troisi, segretario&#8230;<\/p>","protected":false},"author":1,"featured_media":51026,"comment_status":"open","ping_status":"open","sticky":false,"template":"","format":"standard","meta":{"_acf_changed":false,"postBodyCss":"","postBodyMargin":[],"postBodyPadding":[],"postBodyBackground":{"backgroundType":"classic","gradient":""},"footnotes":""},"categories":[90],"tags":[156,157,92],"class_list":["post-51042","post","type-post","status-publish","format-standard","has-post-thumbnail","hentry","category-comunicati-stampa","tag-americas-cup","tag-citta-metropolitana-di-napoli","tag-formazione-professionale"],"acf":[],"_links":{"self":[{"href":"https:\/\/movimentoliberoeautonomo.it\/en\/wp-json\/wp\/v2\/posts\/51042","targetHints":{"allow":["GET"]}}],"collection":[{"href":"https:\/\/movimentoliberoeautonomo.it\/en\/wp-json\/wp\/v2\/posts"}],"about":[{"href":"https:\/\/movimentoliberoeautonomo.it\/en\/wp-json\/wp\/v2\/types\/post"}],"author":[{"embeddable":true,"href":"https:\/\/movimentoliberoeautonomo.it\/en\/wp-json\/wp\/v2\/users\/1"}],"replies":[{"embeddable":true,"href":"https:\/\/movimentoliberoeautonomo.it\/en\/wp-json\/wp\/v2\/comments?post=51042"}],"version-history":[{"count":2,"href":"https:\/\/movimentoliberoeautonomo.it\/en\/wp-json\/wp\/v2\/posts\/51042\/revisions"}],"predecessor-version":[{"id":51044,"href":"https:\/\/movimentoliberoeautonomo.it\/en\/wp-json\/wp\/v2\/posts\/51042\/revisions\/51044"}],"wp:featuredmedia":[{"embeddable":true,"href":"https:\/\/movimentoliberoeautonomo.it\/en\/wp-json\/wp\/v2\/media\/51026"}],"wp:attachment":[{"href":"https:\/\/movimentoliberoeautonomo.it\/en\/wp-json\/wp\/v2\/media?parent=51042"}],"wp:term":[{"taxonomy":"category","embeddable":true,"href":"https:\/\/movimentoliberoeautonomo.it\/en\/wp-json\/wp\/v2\/categories?post=51042"},{"taxonomy":"post_tag","embeddable":true,"href":"https:\/\/movimentoliberoeautonomo.it\/en\/wp-json\/wp\/v2\/tags?post=51042"}],"curies":[{"name":"wp","href":"https:\/\/api.w.org\/{rel}","templated":true}]}}