{"id":50941,"date":"2026-04-28T10:29:13","date_gmt":"2026-04-28T10:29:13","guid":{"rendered":"https:\/\/movimentoliberoeautonomo.it\/?p=50941"},"modified":"2026-04-28T10:29:13","modified_gmt":"2026-04-28T10:29:13","slug":"bilancio-cento-giorni-assessora-saggese-il-commento-del-movimento-libero-e-autonomo","status":"publish","type":"post","link":"https:\/\/movimentoliberoeautonomo.it\/en\/bilancio-cento-giorni-assessora-saggese-il-commento-del-movimento-libero-e-autonomo\/","title":{"rendered":"Bilancio cento giorni assessora Saggese: il commento del Movimento Libero e Autonomo"},"content":{"rendered":"<p>Abbiamo seguito con attenzione l&#8217;intervista rilasciata a Lira TV dall&#8217;assessora alla Formazione Angelica Saggese in occasione dei primi cento giorni di mandato. Rileviamo tuttavia, con rammarico, che a tre mesi dall&#8217;insediamento \u2014 e dopo il lungo periodo di vacatio seguito all&#8217;elezione del Governatore \u2014 un intero comparto attende ancora di essere ricevuto. Le scuole non chiedono di guardarsi intorno: chiedono di sedersi a un tavolo.<\/p>\n<p>Le sigle datoriali della formazione campana hanno avanzato da tempo proposte concrete e progettualit\u00e0 sulle quali sarebbe utile, anzi necessario, un confronto. Penso al dopo GOL, di cui parliamo dalla scorsa legislatura e che oggi rileviamo essere entrato anche nell&#8217;agenda dell&#8217;assessora: saremmo stati lieti se tutti gli stakeholder fossero stati interpellati per costruirlo insieme, anzich\u00e9 apprendere il tutto da un&#8217;intervista.<\/p>\n<p>Sui fondi richiamati \u00e8 doverosa una precisazione di metodo. Le risorse GOL rivalgono sul PNRR; quelle destinate a IeFP, ITS e IFTS hanno parimenti provenienza non regionale. La Regione Campania, allo stato, non concorre con risorse proprie al finanziamento della formazione professionale: il suo \u00e8 un ruolo di trasferimento e gestione amministrativa. E proprio perch\u00e9 si tratta di filiere finanziate da Europa e Stato, il confronto con le imprese del settore non \u00e8 una cortesia, ma una condizione di efficienza: tempi, modi e qualit\u00e0 della gestione regionale dipendono da quel confronto.<\/p>\n<p>Apprendiamo inoltre con preoccupazione i rumors relativi a un possibile trasferimento delle attivit\u00e0 dell&#8217;Assessorato alla Formazione lontano dal Centro Direzionale, che per anni \u00e8 stato la sede naturale del confronto tra istituzioni e operatori privati. Un&#8217;assessora che finora non ha aperto interlocuzioni con le rappresentanze del comparto rischierebbe, in una sede decentrata, di consolidare una distanza che invece andrebbe colmata. Su questo, come sul resto, chiediamo chiarezza.<\/p>\n<p>Le scuole campane formano profili professionali di cui la Regione ha urgente bisogno: per loro, e per le migliaia di allievi che vi si formano, \u00e8 il momento di passare dalla ricognizione all&#8217;azione. I prossimi cento giorni li valuteremo dai fatti, a partire dalla convocazione di un tavolo stabile con le rappresentanze del settore.<\/p>\n\n    <div class=\"xs_social_share_widget xs_share_url after_content \t\tmain_content  wslu-style-1 wslu-share-box-shaped wslu-fill-colored wslu-none wslu-share-horizontal wslu-theme-font-no wslu-main_content\">\n\n\t\t\n        <ul>\n\t\t\t        <\/ul>\n    <\/div>","protected":false},"excerpt":{"rendered":"<p>Abbiamo seguito con attenzione l&#8217;intervista rilasciata a Lira TV dall&#8217;assessora alla Formazione Angelica Saggese in occasione dei primi cento giorni di mandato. Rileviamo tuttavia, con rammarico, che a tre mesi&#8230;<\/p>","protected":false},"author":1,"featured_media":50943,"comment_status":"open","ping_status":"open","sticky":false,"template":"","format":"standard","meta":{"_acf_changed":false,"postBodyCss":"","postBodyMargin":[],"postBodyPadding":[],"postBodyBackground":{"backgroundType":"classic","gradient":""},"footnotes":""},"categories":[90],"tags":[],"class_list":["post-50941","post","type-post","status-publish","format-standard","has-post-thumbnail","hentry","category-comunicati-stampa"],"acf":[],"_links":{"self":[{"href":"https:\/\/movimentoliberoeautonomo.it\/en\/wp-json\/wp\/v2\/posts\/50941","targetHints":{"allow":["GET"]}}],"collection":[{"href":"https:\/\/movimentoliberoeautonomo.it\/en\/wp-json\/wp\/v2\/posts"}],"about":[{"href":"https:\/\/movimentoliberoeautonomo.it\/en\/wp-json\/wp\/v2\/types\/post"}],"author":[{"embeddable":true,"href":"https:\/\/movimentoliberoeautonomo.it\/en\/wp-json\/wp\/v2\/users\/1"}],"replies":[{"embeddable":true,"href":"https:\/\/movimentoliberoeautonomo.it\/en\/wp-json\/wp\/v2\/comments?post=50941"}],"version-history":[{"count":1,"href":"https:\/\/movimentoliberoeautonomo.it\/en\/wp-json\/wp\/v2\/posts\/50941\/revisions"}],"predecessor-version":[{"id":50944,"href":"https:\/\/movimentoliberoeautonomo.it\/en\/wp-json\/wp\/v2\/posts\/50941\/revisions\/50944"}],"wp:featuredmedia":[{"embeddable":true,"href":"https:\/\/movimentoliberoeautonomo.it\/en\/wp-json\/wp\/v2\/media\/50943"}],"wp:attachment":[{"href":"https:\/\/movimentoliberoeautonomo.it\/en\/wp-json\/wp\/v2\/media?parent=50941"}],"wp:term":[{"taxonomy":"category","embeddable":true,"href":"https:\/\/movimentoliberoeautonomo.it\/en\/wp-json\/wp\/v2\/categories?post=50941"},{"taxonomy":"post_tag","embeddable":true,"href":"https:\/\/movimentoliberoeautonomo.it\/en\/wp-json\/wp\/v2\/tags?post=50941"}],"curies":[{"name":"wp","href":"https:\/\/api.w.org\/{rel}","templated":true}]}}